{"id":441,"date":"2024-09-06T10:46:57","date_gmt":"2024-09-06T13:46:57","guid":{"rendered":"https:\/\/noticiapelomundo.com\/?p=441"},"modified":"2024-09-06T10:46:57","modified_gmt":"2024-09-06T13:46:57","slug":"zelensky-aumenta-pressao-sobre-aliados-para-enviarem-mais-armas-a-ucrania","status":"publish","type":"post","link":"https:\/\/noticiapelomundo.com\/index.php\/2024\/09\/06\/zelensky-aumenta-pressao-sobre-aliados-para-enviarem-mais-armas-a-ucrania\/","title":{"rendered":"Zelensky aumenta press\u00e3o sobre aliados para enviarem mais armas \u00e0 Ucr\u00e2nia"},"content":{"rendered":"\n<p>Presidente ucraniano viaja \u00e0 Alemanha para cimeira militar com aliados ocidentais<br>O presidente ucraniano, Volodymyr Zelensky, chegou \u00e0 Base A\u00e9rea de Ramstein, na Alemanha, e disse que instaria os aliados ocidentais a tomarem uma decis\u00e3o \u201cforte\u201d para permitir que Kiev lan\u00e7asse ataques de longo alcance contra a R\u00fassia.<br>Depois de a R\u00fassia ter atacado a Ucr\u00e2nia com centenas de drones e m\u00edsseis nas \u00faltimas semanas, Kiev reiterou a necessidade urgente de uma defesa a\u00e9rea mais forte e de capacidades de ataque de longo alcance para afastar a invas\u00e3o total da R\u00fassia que durou 30 meses.<\/p>\n\n\n\n<p>\u201cPrecisamos ter essas capacidades de longo alcance n\u00e3o apenas no territ\u00f3rio da\u2026 Ucr\u00e2nia, mas tamb\u00e9m no territ\u00f3rio da R\u00fassia, para que a R\u00fassia possa ser motivada a buscar a paz\u201d para Kiev.<br><\/p>\n\n\n\n<p>Esta \u00e9 a primeira vez que Zelenskiy participa de uma reuni\u00e3o de ministros da Defesa na Base A\u00e9rea dos EUA em Ramstein, no oeste da Alemanha.<\/p>\n\n\n\n<p>Zelensky dever\u00e1 participar de uma reuni\u00e3o do grupo de contato sobre a defesa da Ucr\u00e2nia, bem como de reuni\u00f5es com o secret\u00e1rio de Defesa dos EUA, Lloyd Austin, e com o ministro da Defesa alem\u00e3o, Boris Pistorius. O l\u00edder ucraniano tamb\u00e9m planeia encontrar-se com o chanceler alem\u00e3o, Olaf Scholz, durante a sua visita.<br>Zelensky viajar\u00e1 ent\u00e3o para It\u00e1lia para participar no F\u00f3rum Econ\u00f3mico Internacional Ambrosetti com representantes de empresas italianas, de acordo com um comunicado publicado na aplica\u00e7\u00e3o de mensagens Telegram.<\/p>\n\n\n\n<p>Zelensky disse que tamb\u00e9m se espera que se encontre com o primeiro-ministro italiano, Giorgio Meloni, para procurar coordenar posi\u00e7\u00f5es com os aliados do Grupo dos Sete (G7), principais na\u00e7\u00f5es industrializadas.<\/p>\n","protected":false},"excerpt":{"rendered":"<p>Presidente ucraniano viaja \u00e0 Alemanha para cimeira militar com aliados ocidentaisO presidente ucraniano, Volodymyr Zelensky, chegou \u00e0 Base A\u00e9rea de Ramstein, na Alemanha, e disse<\/p>\n","protected":false},"author":1,"featured_media":442,"comment_status":"open","ping_status":"open","sticky":true,"template":"","format":"standard","meta":{"footnotes":""},"categories":[55],"tags":[32,52,146],"aioseo_notices":[],"_links":{"self":[{"href":"https:\/\/noticiapelomundo.com\/index.php\/wp-json\/wp\/v2\/posts\/441"}],"collection":[{"href":"https:\/\/noticiapelomundo.com\/index.php\/wp-json\/wp\/v2\/posts"}],"about":[{"href":"https:\/\/noticiapelomundo.com\/index.php\/wp-json\/wp\/v2\/types\/post"}],"author":[{"embeddable":true,"href":"https:\/\/noticiapelomundo.com\/index.php\/wp-json\/wp\/v2\/users\/1"}],"replies":[{"embeddable":true,"href":"https:\/\/noticiapelomundo.com\/index.php\/wp-json\/wp\/v2\/comments?post=441"}],"version-history":[{"count":1,"href":"https:\/\/noticiapelomundo.com\/index.php\/wp-json\/wp\/v2\/posts\/441\/revisions"}],"predecessor-version":[{"id":443,"href":"https:\/\/noticiapelomundo.com\/index.php\/wp-json\/wp\/v2\/posts\/441\/revisions\/443"}],"wp:featuredmedia":[{"embeddable":true,"href":"https:\/\/noticiapelomundo.com\/index.php\/wp-json\/wp\/v2\/media\/442"}],"wp:attachment":[{"href":"https:\/\/noticiapelomundo.com\/index.php\/wp-json\/wp\/v2\/media?parent=441"}],"wp:term":[{"taxonomy":"category","embeddable":true,"href":"https:\/\/noticiapelomundo.com\/index.php\/wp-json\/wp\/v2\/categories?post=441"},{"taxonomy":"post_tag","embeddable":true,"href":"https:\/\/noticiapelomundo.com\/index.php\/wp-json\/wp\/v2\/tags?post=441"}],"curies":[{"name":"wp","href":"https:\/\/api.w.org\/{rel}","templated":true}]}}