{"id":522,"date":"2024-11-14T20:59:00","date_gmt":"2024-11-14T23:59:00","guid":{"rendered":"https:\/\/noticiapelomundo.com\/?p=522"},"modified":"2024-11-14T21:00:51","modified_gmt":"2024-11-15T00:00:51","slug":"iniciativa-brasileira-do-g20-social-arranca-no-rio","status":"publish","type":"post","link":"https:\/\/noticiapelomundo.com\/index.php\/2024\/11\/14\/iniciativa-brasileira-do-g20-social-arranca-no-rio\/","title":{"rendered":"Iniciativa brasileira do G20 Social arranca no Rio"},"content":{"rendered":"\n<p>Fonte: Ag\u00eancia Brasil<\/p>\n\n\n\n<p>De quinta a s\u00e1bado (14 a 16 de novembro), o Rio de Janeiro sediar\u00e1 o Social G20, uma inova\u00e7\u00e3o do governo brasileiro. Sua programa\u00e7\u00e3o conta com uma ampla gama de atividades.<img decoding=\"async\" src=\"https:\/\/agenciabrasil.ebc.com.br\/ebc.png?id=1619572&amp;o=node\"><img decoding=\"async\" src=\"https:\/\/agenciabrasil.ebc.com.br\/ebc.gif?id=1619572&amp;o=node\"><\/p>\n\n\n\n<p>O Brasil preside a c\u00fapula do G20 pela primeira vez desde 2008. Sob a presid\u00eancia de diferentes na\u00e7\u00f5es no passado, a sociedade se reunia em iniciativas paralelas ao programa oficial. Ap\u00f3s a introdu\u00e7\u00e3o do G20 Social, essas assembleias foram integradas \u00e0 programa\u00e7\u00e3o, ampliando o di\u00e1logo entre os pa\u00edses e a sociedade. Cerca de 50 mil pessoas do Brasil e do mundo s\u00e3o esperadas.<\/p>\n\n\n\n<p>Os 13 grupos de engajamento que comp\u00f5em o G20 Social s\u00e3o: C20 (sociedade), T20 (think tanks), Y20 (juventude), W20 (mulheres), L20 (trabalho), U20 (cidades), B20 (neg\u00f3cios), S20 (ci\u00eancias), Startup20 (startups), P20 (parlamentos), SAI20 (tribunais de contabilidade) e os mais novos J20 (supremas cortes) e O20 (oceanos).<\/p>\n\n\n\n<p>\u201cA grande fotografia do G20 ser\u00e1 o G20 Social no Brasil. Ser\u00e1 um dos grandes legados que a presid\u00eancia do Brasil deixar\u00e1 para o f\u00f3rum. Espero que esta fotografia seja a mais plural poss\u00edvel, aconte\u00e7a como parte do debate democr\u00e1tico, respeitosa do processo pol\u00edtico e contribua efetivamente para mudar a vida das pessoas para melhor\u201d, disse M\u00e1rcio Mac\u00eado, secret\u00e1rio-geral do presidente Lula.<\/p>\n\n\n\n<p>Grande parte do programa de tr\u00eas dias \u00e9 composta por atividades autogeridas propostas por diferentes organiza\u00e7\u00f5es sociais. Ao final, deve ser apresentado um resumo. Ele ser\u00e1 ent\u00e3o entregue aos governos de todas as na\u00e7\u00f5es na C\u00fapula dos L\u00edderes do G20, a ser realizada no Rio de Janeiro nos dias 18 e 19 de novembro, encerrando o per\u00edodo da presid\u00eancia do Brasil.<\/p>\n\n\n\n<p>O evento deve contar com 271 atividades apresentadas por diferentes setores da sociedade do Brasil e de outros pa\u00edses. Entre os temas a serem debatidos est\u00e3o justi\u00e7a ambiental, equidade em sa\u00fade, combate ao racismo e ao colonialismo, direitos LGBTQIAPN+ e igualdade salarial.<\/p>\n\n\n\n<p>Est\u00e3o marcadas para sexta-feira (15) sess\u00f5es plen\u00e1rias com a presen\u00e7a de ministros do governo sobre as tr\u00eas prioridades do Brasil em sua gest\u00e3o como presidente do G20: combate \u00e0 fome, \u00e0 pobreza e \u00e0 desigualdade; sustentabilidade, mudan\u00e7as clim\u00e1ticas e uma transi\u00e7\u00e3o justa; e reforma da governan\u00e7a global.<\/p>\n\n\n\n<p><em>*L\u00e9o Rodrigues contribuiu para este artigo.<\/em><\/p>\n","protected":false},"excerpt":{"rendered":"<p>Fonte: Ag\u00eancia Brasil De quinta a s\u00e1bado (14 a 16 de novembro), o Rio de Janeiro sediar\u00e1 o Social G20, uma inova\u00e7\u00e3o do governo brasileiro.<\/p>\n","protected":false},"author":1,"featured_media":524,"comment_status":"open","ping_status":"open","sticky":false,"template":"","format":"standard","meta":{"footnotes":""},"categories":[1],"tags":[62,180],"aioseo_notices":[],"_links":{"self":[{"href":"https:\/\/noticiapelomundo.com\/index.php\/wp-json\/wp\/v2\/posts\/522"}],"collection":[{"href":"https:\/\/noticiapelomundo.com\/index.php\/wp-json\/wp\/v2\/posts"}],"about":[{"href":"https:\/\/noticiapelomundo.com\/index.php\/wp-json\/wp\/v2\/types\/post"}],"author":[{"embeddable":true,"href":"https:\/\/noticiapelomundo.com\/index.php\/wp-json\/wp\/v2\/users\/1"}],"replies":[{"embeddable":true,"href":"https:\/\/noticiapelomundo.com\/index.php\/wp-json\/wp\/v2\/comments?post=522"}],"version-history":[{"count":1,"href":"https:\/\/noticiapelomundo.com\/index.php\/wp-json\/wp\/v2\/posts\/522\/revisions"}],"predecessor-version":[{"id":523,"href":"https:\/\/noticiapelomundo.com\/index.php\/wp-json\/wp\/v2\/posts\/522\/revisions\/523"}],"wp:featuredmedia":[{"embeddable":true,"href":"https:\/\/noticiapelomundo.com\/index.php\/wp-json\/wp\/v2\/media\/524"}],"wp:attachment":[{"href":"https:\/\/noticiapelomundo.com\/index.php\/wp-json\/wp\/v2\/media?parent=522"}],"wp:term":[{"taxonomy":"category","embeddable":true,"href":"https:\/\/noticiapelomundo.com\/index.php\/wp-json\/wp\/v2\/categories?post=522"},{"taxonomy":"post_tag","embeddable":true,"href":"https:\/\/noticiapelomundo.com\/index.php\/wp-json\/wp\/v2\/tags?post=522"}],"curies":[{"name":"wp","href":"https:\/\/api.w.org\/{rel}","templated":true}]}}