{"id":578,"date":"2024-12-11T16:11:36","date_gmt":"2024-12-11T19:11:36","guid":{"rendered":"https:\/\/noticiapelomundo.com\/?p=578"},"modified":"2024-12-11T16:11:36","modified_gmt":"2024-12-11T19:11:36","slug":"camara-de-comercio-ccj-aprova-plano-para-proibir-celulares-em-salas-de-aula","status":"publish","type":"post","link":"https:\/\/noticiapelomundo.com\/index.php\/2024\/12\/11\/camara-de-comercio-ccj-aprova-plano-para-proibir-celulares-em-salas-de-aula\/","title":{"rendered":"C\u00e2mara de Com\u00e9rcio CCJ aprova plano para proibir celulares em salas de aula"},"content":{"rendered":"\n<p>A Comiss\u00e3o de Constitui\u00e7\u00e3o, Justi\u00e7a e Cidadania (CCJ) da C\u00e2mara aprovou nesta quarta-feira (11) o Projeto de Lei 104\/2015, que pro\u00edbe o uso de celulares e outros aparelhos eletr\u00f4nicos port\u00e1teis em salas de aula. O projeto acabou sendo aprovado por 45 votos a 14, o que significa que foi diretamente ao Bundesrat para an\u00e1lise, sem vota\u00e7\u00e3o na sess\u00e3o plen\u00e1ria. O texto pro\u00edbe o uso de aparelhos eletr\u00f4nicos em sala de aula por todos os alunos, exceto para atividades pedag\u00f3gicas autorizadas pelo professor. Para crian\u00e7as do jardim de inf\u00e2ncia e da primeira s\u00e9rie, o uso desses dispositivos tamb\u00e9m ser\u00e1 proibido em outras \u00e1reas da escola, exceto nas salas de aula, como durante o recreio.<br><\/p>\n\n\n\n<p>Exce\u00e7\u00f5es se aplicam a situa\u00e7\u00f5es perigosas e a alunos com defici\u00eancia ou necessidades especiais que possam usar os dispositivos para garantir acessibilidade \u00e0 sua educa\u00e7\u00e3o.<br>Durante a vota\u00e7\u00e3o da CCJ, o relator da proposta, deputado Renan Ferreirinha (PSD-RJ), disse que o uso excessivo do celular em sala de aula pode levar os alunos ao acesso a conte\u00fados n\u00e3o relevantes para seus estudos.<\/p>\n\n\n\n<p>Segundo ele, isso gera distra\u00e7\u00e3o e reduz o tempo de intera\u00e7\u00e3o social nas escolas, justificando a necessidade de regulamenta\u00e7\u00e3o do assunto.<\/p>\n\n\n\n<p>A proibi\u00e7\u00e3o conta com apoio do governo federal e de alguns estados.<\/p>\n\n\n\n<p>No Rio de Janeiro, o prefeito Eduardo Paes (PSD) assinou em fevereiro um decreto proibindo o uso de celulares nas salas de aula e nos intervalos das escolas p\u00fablicas municipais.<br>Em S\u00e3o Paulo, uma lei que pro\u00edbe a instala\u00e7\u00e3o de aparelhos em escolas de todo o estado foi aprovada na \u00faltima sexta-feira (6) pelo governador Tarc\u00edsio de Freitas (Republicano).<\/p>\n","protected":false},"excerpt":{"rendered":"<p>A Comiss\u00e3o de Constitui\u00e7\u00e3o, Justi\u00e7a e Cidadania (CCJ) da C\u00e2mara aprovou nesta quarta-feira (11) o Projeto de Lei 104\/2015, que pro\u00edbe o uso de celulares<\/p>\n","protected":false},"author":1,"featured_media":579,"comment_status":"open","ping_status":"open","sticky":true,"template":"","format":"standard","meta":{"footnotes":""},"categories":[19],"tags":[190,191,192],"aioseo_notices":[],"_links":{"self":[{"href":"https:\/\/noticiapelomundo.com\/index.php\/wp-json\/wp\/v2\/posts\/578"}],"collection":[{"href":"https:\/\/noticiapelomundo.com\/index.php\/wp-json\/wp\/v2\/posts"}],"about":[{"href":"https:\/\/noticiapelomundo.com\/index.php\/wp-json\/wp\/v2\/types\/post"}],"author":[{"embeddable":true,"href":"https:\/\/noticiapelomundo.com\/index.php\/wp-json\/wp\/v2\/users\/1"}],"replies":[{"embeddable":true,"href":"https:\/\/noticiapelomundo.com\/index.php\/wp-json\/wp\/v2\/comments?post=578"}],"version-history":[{"count":1,"href":"https:\/\/noticiapelomundo.com\/index.php\/wp-json\/wp\/v2\/posts\/578\/revisions"}],"predecessor-version":[{"id":580,"href":"https:\/\/noticiapelomundo.com\/index.php\/wp-json\/wp\/v2\/posts\/578\/revisions\/580"}],"wp:featuredmedia":[{"embeddable":true,"href":"https:\/\/noticiapelomundo.com\/index.php\/wp-json\/wp\/v2\/media\/579"}],"wp:attachment":[{"href":"https:\/\/noticiapelomundo.com\/index.php\/wp-json\/wp\/v2\/media?parent=578"}],"wp:term":[{"taxonomy":"category","embeddable":true,"href":"https:\/\/noticiapelomundo.com\/index.php\/wp-json\/wp\/v2\/categories?post=578"},{"taxonomy":"post_tag","embeddable":true,"href":"https:\/\/noticiapelomundo.com\/index.php\/wp-json\/wp\/v2\/tags?post=578"}],"curies":[{"name":"wp","href":"https:\/\/api.w.org\/{rel}","templated":true}]}}