{"id":627,"date":"2025-03-22T16:07:56","date_gmt":"2025-03-22T19:07:56","guid":{"rendered":"https:\/\/noticiapelomundo.com\/?p=627"},"modified":"2025-03-22T16:07:57","modified_gmt":"2025-03-22T19:07:57","slug":"medicos-afirmam-que-papa-francisco-tera-alta-hospitalar-neste-domingo-23","status":"publish","type":"post","link":"https:\/\/noticiapelomundo.com\/index.php\/2025\/03\/22\/medicos-afirmam-que-papa-francisco-tera-alta-hospitalar-neste-domingo-23\/","title":{"rendered":"M\u00e9dicos afirmam que Papa Francisco ter\u00e1 alta hospitalar neste domingo (23)"},"content":{"rendered":"\n<p>Papa Francisco est\u00e1 hospitalizado h\u00e1 cinco semanas com infec\u00e7\u00e3o respirat\u00f3ria<br>M\u00e9dicos afirmaram em entrevista coletiva no s\u00e1bado (22) que o Papa Francisco receber\u00e1 alta de um hospital em Roma no domingo (23), ap\u00f3s ficar internado por cinco semanas devido a uma infec\u00e7\u00e3o respirat\u00f3ria. Os m\u00e9dicos envolvidos no tratamento do Papa disseram que o Papa precisar\u00e1 descansar no Vaticano por dois meses ap\u00f3s receber alta do hospital.<br>Francisco, de 88 anos, foi hospitalizado no dia 14 de fevereiro com uma infec\u00e7\u00e3o respirat\u00f3ria e necessitou de tratamento prolongado.<br>M\u00e9dicos envolvidos na sa\u00fade do papa disseram numa confer\u00eancia de imprensa no s\u00e1bado que o papa \u201cainda n\u00e3o est\u00e1 totalmente curado e uma recupera\u00e7\u00e3o completa levar\u00e1 muito tempo\u201d.<br>Os profissionais acrescentaram que enquanto o papa estiver de folga no Vaticano, ele deveria evitar grandes reuni\u00f5es com grupos que exigiriam mais esfor\u00e7o.<br>Francisco desenvolveu dificuldades respirat\u00f3rias durante a interna\u00e7\u00e3o e necessitou do uso de ventila\u00e7\u00e3o mec\u00e2nica n\u00e3o invasiva, que envolve a coloca\u00e7\u00e3o de uma m\u00e1scara no rosto para ajudar a movimentar o ar pelos pulm\u00f5es.<br>Na sexta-feira (21), o cardeal Victor Manuel Fern\u00e1ndez disse que o Papa estava se recuperando no hospital, mas teve que \u201creaprender a falar\u201d depois de receber por muito tempo tratamento com oxig\u00eanio de alto fluxo.<br>O cardeal, que atua como diretor do escrit\u00f3rio doutrin\u00e1rio do Vaticano, rejeitou as especula\u00e7\u00f5es de que o papa se aposentaria e disse que estava \u201cvoltando ao que era antes\u201d.<br>Francisco, nascido Jorge Mario Bergoglio, assumiu a Santa S\u00e9 em mar\u00e7o de 2013.<br>Ele marcou a hist\u00f3ria da Igreja Cat\u00f3lica como o primeiro papa latino-americano e o primeiro jesu\u00edta a ocupar esse cargo.<\/p>\n","protected":false},"excerpt":{"rendered":"<p>Papa Francisco est\u00e1 hospitalizado h\u00e1 cinco semanas com infec\u00e7\u00e3o respirat\u00f3riaM\u00e9dicos afirmaram em entrevista coletiva no s\u00e1bado (22) que o Papa Francisco receber\u00e1 alta de um<\/p>\n","protected":false},"author":1,"featured_media":628,"comment_status":"open","ping_status":"open","sticky":true,"template":"","format":"standard","meta":{"footnotes":""},"categories":[55],"tags":[221,219,220],"aioseo_notices":[],"_links":{"self":[{"href":"https:\/\/noticiapelomundo.com\/index.php\/wp-json\/wp\/v2\/posts\/627"}],"collection":[{"href":"https:\/\/noticiapelomundo.com\/index.php\/wp-json\/wp\/v2\/posts"}],"about":[{"href":"https:\/\/noticiapelomundo.com\/index.php\/wp-json\/wp\/v2\/types\/post"}],"author":[{"embeddable":true,"href":"https:\/\/noticiapelomundo.com\/index.php\/wp-json\/wp\/v2\/users\/1"}],"replies":[{"embeddable":true,"href":"https:\/\/noticiapelomundo.com\/index.php\/wp-json\/wp\/v2\/comments?post=627"}],"version-history":[{"count":1,"href":"https:\/\/noticiapelomundo.com\/index.php\/wp-json\/wp\/v2\/posts\/627\/revisions"}],"predecessor-version":[{"id":629,"href":"https:\/\/noticiapelomundo.com\/index.php\/wp-json\/wp\/v2\/posts\/627\/revisions\/629"}],"wp:featuredmedia":[{"embeddable":true,"href":"https:\/\/noticiapelomundo.com\/index.php\/wp-json\/wp\/v2\/media\/628"}],"wp:attachment":[{"href":"https:\/\/noticiapelomundo.com\/index.php\/wp-json\/wp\/v2\/media?parent=627"}],"wp:term":[{"taxonomy":"category","embeddable":true,"href":"https:\/\/noticiapelomundo.com\/index.php\/wp-json\/wp\/v2\/categories?post=627"},{"taxonomy":"post_tag","embeddable":true,"href":"https:\/\/noticiapelomundo.com\/index.php\/wp-json\/wp\/v2\/tags?post=627"}],"curies":[{"name":"wp","href":"https:\/\/api.w.org\/{rel}","templated":true}]}}