{"id":736,"date":"2026-03-13T17:32:15","date_gmt":"2026-03-13T20:32:15","guid":{"rendered":"https:\/\/noticiapelomundo.com\/?p=736"},"modified":"2026-03-13T17:32:16","modified_gmt":"2026-03-13T20:32:16","slug":"lula-anula-visto-de-assessor-de-trump-que-iria-se-encontrar-com-bolsonaro","status":"publish","type":"post","link":"https:\/\/noticiapelomundo.com\/index.php\/2026\/03\/13\/lula-anula-visto-de-assessor-de-trump-que-iria-se-encontrar-com-bolsonaro\/","title":{"rendered":"Lula\u00a0anula\u00a0visto de assessor de Trump que\u00a0iria\u00a0se encontrar com\u00a0Bolsonaro"},"content":{"rendered":"\n<p>Motivo\u00a0\u00e9\u00a0a\u00a0omiss\u00e3o\u00a0de\u00a0informa\u00e7\u00f5es ao\u00a0solicitar\u00a0o\u00a0documento<br>O presidente Luiz In\u00e1cio Lula da Silva (PT)\u00a0informou\u00a0nesta sexta-feira (13) que\u00a0cancelou\u00a0o visto de Darren Beattie,\u00a0que \u00e9\u00a0assessor do\u00a0ex-presidente Donald Trump,\u00a0para\u00a0entrar no\u00a0Brasil.<br>Beattie\u00a0estava\u00a0programado\u00a0para visitar o\u00a0pa\u00eds na pr\u00f3xima semana,\u00a0com\u00a0um\u00a0encontro\u00a0marcado\u00a0em\u00a0Papudinha para\u00a0ver\u00a0o ex-presidente Jair Bolsonaro (PL). A\u00a0autoriza\u00e7\u00e3o\u00a0foi\u00a0suspensa\u00a0pelo ministro do STF (Supremo Tribunal Federal), Alexandre de Moraes,\u00a0na\u00a0quinta-feira (12).<br><br>Fontes do governo\u00a0contaram\u00a0\u00e0 CNN que a\u00a0suspens\u00e3o\u00a0do visto\u00a0ocorreu\u00a0devido\u00a0\u00e0\u00a0falta\u00a0de informa\u00e7\u00f5es\u00a0importantes\u00a0sobre\u00a0a\u00a0visita ao Brasil. Em\u00a0um\u00a0comunicado, o Minist\u00e9rio das Rela\u00e7\u00f5es Exteriores\u00a0do\u00a0Brasil\u00a0afirmou\u00a0que o visto foi\u00a0cancelado\u00a0por\u00a0&#8220;omiss\u00e3o e\u00a0distor\u00e7\u00e3o\u00a0de informa\u00e7\u00f5es&#8221;\u00a0relacionadas\u00a0\u00e0\u00a0viagem.<br>&#8220;O Itamaraty confirma a\u00a0anula\u00e7\u00e3o\u00a0do visto,\u00a0considerando\u00a0a omiss\u00e3o e\u00a0a\u00a0distor\u00e7\u00e3o\u00a0de informa\u00e7\u00f5es\u00a0importantes\u00a0sobre\u00a0o\u00a0motivo da visita\u00a0feito\u00a0no\u00a0pedido\u00a0do visto, em Washington.\u00a0Essa\u00a0\u00e9\u00a0uma\u00a0base\u00a0legal suficiente para a\u00a0recusa\u00a0do\u00a0visto, de acordo com a legisla\u00e7\u00e3o nacional e internacional,&#8221; declarou o minist\u00e9rio.<br>Moraes\u00a0decidiu\u00a0cancelar\u00a0a visita de Darren Beattie a Bolsonaro ap\u00f3s o chanceler Mauro Vieira alertar\u00a0a\u00a0Corte que\u00a0a\u00a0reuni\u00e3o\u00a0de um funcion\u00e1rio do governo dos\u00a0EUA\u00a0com um ex-presidente brasileiro em\u00a0um\u00a0ano eleitoral poderia\u00a0ser\u00a0vista\u00a0como interfer\u00eancia\u00a0em assuntos internos do pa\u00eds.<br><br>&#8220;A\u00a0presen\u00e7a\u00a0de um funcion\u00e1rio\u00a0estatal\u00a0estrangeiro\u00a0com\u00a0um ex-Presidente da Rep\u00fablica em ano eleitoral pode\u00a0ser\u00a0considerada\u00a0uma\u00a0interfer\u00eancia inapropriada\u00a0nos assuntos internos do\u00a0Brasil,&#8221; afirmou Vieira.<br>Em\u00a0um\u00a0evento no Rio de Janeiro nesta sexta-feira, Lula comentou\u00a0a\u00a0situa\u00e7\u00e3o\u00a0e\u00a0solicitou\u00a0a libera\u00e7\u00e3o do visto do ministro da Sa\u00fade, Alexandre Padilha,\u00a0para\u00a0os\u00a0Estados Unidos.<br><br>&#8220;Aquele\u00a0cidad\u00e3o\u00a0americano que\u00a0afirmou\u00a0que\u00a0iria\u00a0ao\u00a0Brasil\u00a0visitar Jair Bolsonaro\u00a0est\u00e1\u00a0proibido de\u00a0vir,\u00a0e eu o\u00a0impedirei\u00a0de\u00a0entrar\u00a0no\u00a0Brasil enquanto n\u00e3o\u00a0forem\u00a0liberados\u00a0os vistos do meu ministro da Sa\u00fade que\u00a0est\u00e1\u00a0travado&#8221;, disse Lula.<br><br>O Itamaraty\u00a0informou\u00a0\u00e0 CNN que convocou o Encarregado de Neg\u00f3cios dos EUA, Gabriel Escobar,\u00a0para\u00a0prestar esclarecimentos sobre a visita do assessor de Trump, Darren Beattie, ao Brasil. Escobar foi recebido na \u00faltima ter\u00e7a-feira\u00a0(11) pelo embaixador Roberto Abdalla.<br><br>De\u00a0acordo\u00a0com\u00a0informa\u00e7\u00f5es\u00a0obtidas pela\u00a0CNN, o governo brasileiro n\u00e3o acredita que\u00a0o\u00a0cancelamento\u00a0do visto de Beattie causar\u00e1 um\u00a0aumento\u00a0nas\u00a0tens\u00f5es\u00a0nas\u00a0rela\u00e7\u00f5es\u00a0diplom\u00e1ticas\u00a0entre Brasil e Estados Unidos.<\/p>\n","protected":false},"excerpt":{"rendered":"<p>Motivo\u00a0\u00e9\u00a0a\u00a0omiss\u00e3o\u00a0de\u00a0informa\u00e7\u00f5es ao\u00a0solicitar\u00a0o\u00a0documentoO presidente Luiz In\u00e1cio Lula da Silva (PT)\u00a0informou\u00a0nesta sexta-feira (13) que\u00a0cancelou\u00a0o visto de Darren Beattie,\u00a0que \u00e9\u00a0assessor do\u00a0ex-presidente Donald Trump,\u00a0para\u00a0entrar no\u00a0Brasil.Beattie\u00a0estava\u00a0programado\u00a0para visitar o\u00a0pa\u00eds na pr\u00f3xima<\/p>\n","protected":false},"author":1,"featured_media":737,"comment_status":"open","ping_status":"open","sticky":true,"template":"","format":"standard","meta":{"footnotes":""},"categories":[19],"tags":[14,16,282],"aioseo_notices":[],"_links":{"self":[{"href":"https:\/\/noticiapelomundo.com\/index.php\/wp-json\/wp\/v2\/posts\/736"}],"collection":[{"href":"https:\/\/noticiapelomundo.com\/index.php\/wp-json\/wp\/v2\/posts"}],"about":[{"href":"https:\/\/noticiapelomundo.com\/index.php\/wp-json\/wp\/v2\/types\/post"}],"author":[{"embeddable":true,"href":"https:\/\/noticiapelomundo.com\/index.php\/wp-json\/wp\/v2\/users\/1"}],"replies":[{"embeddable":true,"href":"https:\/\/noticiapelomundo.com\/index.php\/wp-json\/wp\/v2\/comments?post=736"}],"version-history":[{"count":1,"href":"https:\/\/noticiapelomundo.com\/index.php\/wp-json\/wp\/v2\/posts\/736\/revisions"}],"predecessor-version":[{"id":738,"href":"https:\/\/noticiapelomundo.com\/index.php\/wp-json\/wp\/v2\/posts\/736\/revisions\/738"}],"wp:featuredmedia":[{"embeddable":true,"href":"https:\/\/noticiapelomundo.com\/index.php\/wp-json\/wp\/v2\/media\/737"}],"wp:attachment":[{"href":"https:\/\/noticiapelomundo.com\/index.php\/wp-json\/wp\/v2\/media?parent=736"}],"wp:term":[{"taxonomy":"category","embeddable":true,"href":"https:\/\/noticiapelomundo.com\/index.php\/wp-json\/wp\/v2\/categories?post=736"},{"taxonomy":"post_tag","embeddable":true,"href":"https:\/\/noticiapelomundo.com\/index.php\/wp-json\/wp\/v2\/tags?post=736"}],"curies":[{"name":"wp","href":"https:\/\/api.w.org\/{rel}","templated":true}]}}